{"id":1793,"date":"2026-03-06T09:24:05","date_gmt":"2026-03-06T08:24:05","guid":{"rendered":"https:\/\/preventncd.sum.edu.pl\/?p=1793"},"modified":"2026-03-06T09:40:42","modified_gmt":"2026-03-06T08:40:42","slug":"spotkanie-koordynacyjne-ja-preventncd-z-biurem-regionalnym-who-dla-europy-w-kopenhadze-2","status":"publish","type":"post","link":"https:\/\/preventncd.sum.edu.pl\/en\/spotkanie-koordynacyjne-ja-preventncd-z-biurem-regionalnym-who-dla-europy-w-kopenhadze-2\/","title":{"rendered":"JA PreventNCD Coordination Meeting with WHO Regional Office for Europe in Copenhagen"},"content":{"rendered":"<figure class=\"wp-block-image size-large\"><img loading=\"lazy\" decoding=\"async\" width=\"1024\" height=\"576\" src=\"https:\/\/preventncd.sum.edu.pl\/wp-content\/uploads\/2026\/03\/JA-PreventNCD-21-1024x576.jpg\" alt=\"\" class=\"wp-image-1785\" srcset=\"https:\/\/preventncd.sum.edu.pl\/wp-content\/uploads\/2026\/03\/JA-PreventNCD-21-1024x576.jpg 1024w, https:\/\/preventncd.sum.edu.pl\/wp-content\/uploads\/2026\/03\/JA-PreventNCD-21-300x169.jpg 300w, https:\/\/preventncd.sum.edu.pl\/wp-content\/uploads\/2026\/03\/JA-PreventNCD-21-768x432.jpg 768w, https:\/\/preventncd.sum.edu.pl\/wp-content\/uploads\/2026\/03\/JA-PreventNCD-21-1536x864.jpg 1536w, https:\/\/preventncd.sum.edu.pl\/wp-content\/uploads\/2026\/03\/JA-PreventNCD-21-18x10.jpg 18w, https:\/\/preventncd.sum.edu.pl\/wp-content\/uploads\/2026\/03\/JA-PreventNCD-21.jpg 1920w\" sizes=\"auto, (max-width: 1024px) 100vw, 1024px\" \/><\/figure>\n\n\n\n<p>On 4 March, a coordination meeting with the Division of Prevention and Health Promotion of the WHO Regional Office for Europe took place in Copenhagen, bringing together partners of the JA PreventNCD project. The main focus of the discussion was how to ensure that progress in the prevention of noncommunicable diseases (NCDs) continues even after European Joint Action projects come to an end.<\/p>\n\n\n\n<p>During the meeting, work package leaders presented updates on joint activities carried out within the project \u2013 ranging from policy monitoring and regulation to initiatives supporting healthier living environments, addressing social inequalities, and identifying people at risk.<\/p>\n\n\n\n<p>WHO experts actively participated in the discussions, reflecting together with project partners on how the outcomes and experiences developed within the Joint Action can continue to support European countries and contribute to the development of health policies in the future.<\/p>\n\n\n\n<p>Katarzyna Bruka\u0142o, PhD, Associate Professor at the Medical University of Silesia in Katowice, shared experiences related to, among other topics, the concept of Healthy Cities and initiatives aimed at creating healthier living environments.<\/p>\n\n\n\n<p>The meeting also featured a presentation by Dr Gundo Weiler, Director of the Division of Prevention and Health Promotion at the WHO Regional Office for Europe. He presented the division\u2019s priorities and highlighted opportunities to further strengthen collaboration between WHO and the JA PreventNCD project. <\/p>\n\n\n\n<p>We are pleased to collaborate and exchange knowledge with partners from across Europe. Joint efforts, dialogue, and strong partnerships are key to effective prevention of noncommunicable diseases and to developing sustainable solutions that support public health.<\/p>\n\n\n\n<figure class=\"wp-block-image size-large\"><img loading=\"lazy\" decoding=\"async\" width=\"1024\" height=\"576\" src=\"https:\/\/preventncd.sum.edu.pl\/wp-content\/uploads\/2026\/03\/JA-PreventNCD-22-1024x576.jpg\" alt=\"\" class=\"wp-image-1786\" srcset=\"https:\/\/preventncd.sum.edu.pl\/wp-content\/uploads\/2026\/03\/JA-PreventNCD-22-1024x576.jpg 1024w, https:\/\/preventncd.sum.edu.pl\/wp-content\/uploads\/2026\/03\/JA-PreventNCD-22-300x169.jpg 300w, https:\/\/preventncd.sum.edu.pl\/wp-content\/uploads\/2026\/03\/JA-PreventNCD-22-768x432.jpg 768w, https:\/\/preventncd.sum.edu.pl\/wp-content\/uploads\/2026\/03\/JA-PreventNCD-22-1536x864.jpg 1536w, https:\/\/preventncd.sum.edu.pl\/wp-content\/uploads\/2026\/03\/JA-PreventNCD-22-18x10.jpg 18w, https:\/\/preventncd.sum.edu.pl\/wp-content\/uploads\/2026\/03\/JA-PreventNCD-22.jpg 1920w\" sizes=\"auto, (max-width: 1024px) 100vw, 1024px\" \/><\/figure>\n\n\n\n<figure class=\"wp-block-image size-large\"><img loading=\"lazy\" decoding=\"async\" width=\"1024\" height=\"576\" src=\"https:\/\/preventncd.sum.edu.pl\/wp-content\/uploads\/2026\/03\/JA-PreventNCD-20-1024x576.jpg\" alt=\"\" class=\"wp-image-1787\" srcset=\"https:\/\/preventncd.sum.edu.pl\/wp-content\/uploads\/2026\/03\/JA-PreventNCD-20-1024x576.jpg 1024w, https:\/\/preventncd.sum.edu.pl\/wp-content\/uploads\/2026\/03\/JA-PreventNCD-20-300x169.jpg 300w, https:\/\/preventncd.sum.edu.pl\/wp-content\/uploads\/2026\/03\/JA-PreventNCD-20-768x432.jpg 768w, https:\/\/preventncd.sum.edu.pl\/wp-content\/uploads\/2026\/03\/JA-PreventNCD-20-1536x864.jpg 1536w, https:\/\/preventncd.sum.edu.pl\/wp-content\/uploads\/2026\/03\/JA-PreventNCD-20-18x10.jpg 18w, https:\/\/preventncd.sum.edu.pl\/wp-content\/uploads\/2026\/03\/JA-PreventNCD-20.jpg 1920w\" sizes=\"auto, (max-width: 1024px) 100vw, 1024px\" \/><\/figure>\n\n\n\n<figure class=\"wp-block-image size-large\"><img loading=\"lazy\" decoding=\"async\" width=\"1024\" height=\"576\" src=\"https:\/\/preventncd.sum.edu.pl\/wp-content\/uploads\/2026\/03\/JA-PreventNCD-17-\u2014-kopia-1024x576.jpg\" alt=\"\" class=\"wp-image-1788\" srcset=\"https:\/\/preventncd.sum.edu.pl\/wp-content\/uploads\/2026\/03\/JA-PreventNCD-17-\u2014-kopia-1024x576.jpg 1024w, https:\/\/preventncd.sum.edu.pl\/wp-content\/uploads\/2026\/03\/JA-PreventNCD-17-\u2014-kopia-300x169.jpg 300w, https:\/\/preventncd.sum.edu.pl\/wp-content\/uploads\/2026\/03\/JA-PreventNCD-17-\u2014-kopia-768x432.jpg 768w, https:\/\/preventncd.sum.edu.pl\/wp-content\/uploads\/2026\/03\/JA-PreventNCD-17-\u2014-kopia-1536x864.jpg 1536w, https:\/\/preventncd.sum.edu.pl\/wp-content\/uploads\/2026\/03\/JA-PreventNCD-17-\u2014-kopia-18x10.jpg 18w, https:\/\/preventncd.sum.edu.pl\/wp-content\/uploads\/2026\/03\/JA-PreventNCD-17-\u2014-kopia.jpg 1920w\" sizes=\"auto, (max-width: 1024px) 100vw, 1024px\" \/><\/figure>\n\n\n\n<figure class=\"wp-block-image size-large\"><img loading=\"lazy\" decoding=\"async\" width=\"1024\" height=\"576\" src=\"https:\/\/preventncd.sum.edu.pl\/wp-content\/uploads\/2026\/03\/JA-PreventNCD-18-1024x576.jpg\" alt=\"\" class=\"wp-image-1789\" srcset=\"https:\/\/preventncd.sum.edu.pl\/wp-content\/uploads\/2026\/03\/JA-PreventNCD-18-1024x576.jpg 1024w, https:\/\/preventncd.sum.edu.pl\/wp-content\/uploads\/2026\/03\/JA-PreventNCD-18-300x169.jpg 300w, https:\/\/preventncd.sum.edu.pl\/wp-content\/uploads\/2026\/03\/JA-PreventNCD-18-768x432.jpg 768w, https:\/\/preventncd.sum.edu.pl\/wp-content\/uploads\/2026\/03\/JA-PreventNCD-18-1536x864.jpg 1536w, https:\/\/preventncd.sum.edu.pl\/wp-content\/uploads\/2026\/03\/JA-PreventNCD-18-18x10.jpg 18w, https:\/\/preventncd.sum.edu.pl\/wp-content\/uploads\/2026\/03\/JA-PreventNCD-18.jpg 1920w\" sizes=\"auto, (max-width: 1024px) 100vw, 1024px\" \/><\/figure>\n\n\n\n<figure class=\"wp-block-image size-large\"><img loading=\"lazy\" decoding=\"async\" width=\"1024\" height=\"576\" src=\"https:\/\/preventncd.sum.edu.pl\/wp-content\/uploads\/2026\/03\/JA-PreventNCD-19-1024x576.jpg\" alt=\"\" class=\"wp-image-1790\" srcset=\"https:\/\/preventncd.sum.edu.pl\/wp-content\/uploads\/2026\/03\/JA-PreventNCD-19-1024x576.jpg 1024w, https:\/\/preventncd.sum.edu.pl\/wp-content\/uploads\/2026\/03\/JA-PreventNCD-19-300x169.jpg 300w, https:\/\/preventncd.sum.edu.pl\/wp-content\/uploads\/2026\/03\/JA-PreventNCD-19-768x432.jpg 768w, https:\/\/preventncd.sum.edu.pl\/wp-content\/uploads\/2026\/03\/JA-PreventNCD-19-1536x864.jpg 1536w, https:\/\/preventncd.sum.edu.pl\/wp-content\/uploads\/2026\/03\/JA-PreventNCD-19-18x10.jpg 18w, https:\/\/preventncd.sum.edu.pl\/wp-content\/uploads\/2026\/03\/JA-PreventNCD-19.jpg 1920w\" sizes=\"auto, (max-width: 1024px) 100vw, 1024px\" \/><\/figure>","protected":false},"excerpt":{"rendered":"<p>W dniu 4 marca w Kopenhadze odby\u0142o si\u0119 spotkanie koordynacyjne z Dywizj\u0105 Profilaktyki i Promocji Zdrowia Biura Regionalnego \u015awiatowej Organizacji Zdrowia (WHO) dla Europy z udzia\u0142em partner\u00f3w projektu JA PreventNCD. G\u0142\u00f3wnym tematem rozm\u00f3w by\u0142o pytanie, w jaki spos\u00f3b zapewni\u0107, aby post\u0119py w zakresie profilaktyki chor\u00f3b niezaka\u017anych (NCD) by\u0142y kontynuowane r\u00f3wnie\u017c po zako\u0144czeniu europejskich projekt\u00f3w typu [&hellip;]<\/p>","protected":false},"author":2,"featured_media":0,"comment_status":"open","ping_status":"open","sticky":false,"template":"","format":"standard","meta":{"footnotes":""},"categories":[1,21],"tags":[],"class_list":["post-1793","post","type-post","status-publish","format-standard","hentry","category-bez-kategorii","category-wydarzenia"],"blocksy_meta":[],"_links":{"self":[{"href":"https:\/\/preventncd.sum.edu.pl\/en\/wp-json\/wp\/v2\/posts\/1793","targetHints":{"allow":["GET"]}}],"collection":[{"href":"https:\/\/preventncd.sum.edu.pl\/en\/wp-json\/wp\/v2\/posts"}],"about":[{"href":"https:\/\/preventncd.sum.edu.pl\/en\/wp-json\/wp\/v2\/types\/post"}],"author":[{"embeddable":true,"href":"https:\/\/preventncd.sum.edu.pl\/en\/wp-json\/wp\/v2\/users\/2"}],"replies":[{"embeddable":true,"href":"https:\/\/preventncd.sum.edu.pl\/en\/wp-json\/wp\/v2\/comments?post=1793"}],"version-history":[{"count":2,"href":"https:\/\/preventncd.sum.edu.pl\/en\/wp-json\/wp\/v2\/posts\/1793\/revisions"}],"predecessor-version":[{"id":1796,"href":"https:\/\/preventncd.sum.edu.pl\/en\/wp-json\/wp\/v2\/posts\/1793\/revisions\/1796"}],"wp:attachment":[{"href":"https:\/\/preventncd.sum.edu.pl\/en\/wp-json\/wp\/v2\/media?parent=1793"}],"wp:term":[{"taxonomy":"category","embeddable":true,"href":"https:\/\/preventncd.sum.edu.pl\/en\/wp-json\/wp\/v2\/categories?post=1793"},{"taxonomy":"post_tag","embeddable":true,"href":"https:\/\/preventncd.sum.edu.pl\/en\/wp-json\/wp\/v2\/tags?post=1793"}],"curies":[{"name":"wp","href":"https:\/\/api.w.org\/{rel}","templated":true}]}}