{"id":1773,"date":"2026-02-26T12:39:21","date_gmt":"2026-02-26T11:39:21","guid":{"rendered":"https:\/\/preventncd.sum.edu.pl\/en\/?p=1773"},"modified":"2026-02-26T12:43:10","modified_gmt":"2026-02-26T11:43:10","slug":"pierwsze-spotkanie-interesariuszy-ja-preventncd-2-2","status":"publish","type":"post","link":"https:\/\/preventncd.sum.edu.pl\/en\/pierwsze-spotkanie-interesariuszy-ja-preventncd-2-2\/","title":{"rendered":"WHO Regional Office for Europe Meeting and JA PreventNCD Executive Committee Meeting"},"content":{"rendered":"<figure class=\"wp-block-image size-large\"><img loading=\"lazy\" decoding=\"async\" width=\"1024\" height=\"576\" src=\"https:\/\/preventncd.sum.edu.pl\/wp-content\/uploads\/2026\/02\/JA-PreventNCD-16.jpg\" alt=\"\" class=\"wp-image-1777\" srcset=\"https:\/\/preventncd.sum.edu.pl\/wp-content\/uploads\/2026\/02\/JA-PreventNCD-16.jpg 1920w, https:\/\/preventncd.sum.edu.pl\/wp-content\/uploads\/2026\/02\/JA-PreventNCD-16-300x169.jpg 300w, https:\/\/preventncd.sum.edu.pl\/wp-content\/uploads\/2026\/02\/JA-PreventNCD-16-1024x576.jpg 1024w, https:\/\/preventncd.sum.edu.pl\/wp-content\/uploads\/2026\/02\/JA-PreventNCD-16-768x432.jpg 768w, https:\/\/preventncd.sum.edu.pl\/wp-content\/uploads\/2026\/02\/JA-PreventNCD-16-1536x864.jpg 1536w, https:\/\/preventncd.sum.edu.pl\/wp-content\/uploads\/2026\/02\/JA-PreventNCD-16-18x10.jpg 18w\" sizes=\"auto, (max-width: 1024px) 100vw, 1024px\" \/><\/figure>\n\n\n\n<p>On 4\u20135 March 2026, two key meetings of the JA PreventNCD project will take place in Copenhagen, during which project partners will review achievements to date and define directions for the next phase of the initiative on non-communicable diseases (NCDs) prevention across Europe.<\/p>\n\n\n\n<p>On 4 March, the annual meeting with the WHO Regional Office for Europe will be held. As an Associated Partner, WHO supports the implementation of the Joint Action. The meeting will cover project progress so far, collaboration across key technical areas, and actions aimed at ensuring the sustainability and maximum impact of the JA PreventNCD project in Europe. An important point will also be a discussion on the significance of the <strong>EU Cardiovascular Health Plan<\/strong> for shaping health policy across Europe.<\/p>\n\n\n\n<p>On 5 March, the JA PreventNCD Executive Committee meeting will take place. We are now over halfway through the project, and the meeting will provide an opportunity to:<\/p>\n\n\n\n<ul class=\"wp-block-list\">\n<li>review progress to date,<\/li>\n\n\n\n<li>define strategic priorities for the next phase,<\/li>\n\n\n\n<li>ensure that the key project results are being achieved according to its objectives.<\/li>\n<\/ul>\n\n\n\n<p>The meeting will also address upcoming reports, stakeholder engagement activities, and preparations for key events planned in 2026. The meetings will also be attended by Katarzyna Bruka\u0142o, PhD, Associate Professor at the Medical University of Silesia.<strong>.<\/strong><\/p>","protected":false},"excerpt":{"rendered":"<p>W dniach 4-5 marca 2026 r. w Kopenhadze odb\u0119d\u0105 si\u0119 dwa kluczowe spotkania projektu JA PreventNCD, podczas kt\u00f3rych partnerzy projektu b\u0119d\u0105 omawia\u0107 dotychczasowe osi\u0105gni\u0119cia i wyznacza\u0107 kierunki dzia\u0142a\u0144 na kolejny etap realizacji inicjatywy w zakresie profilaktyki chor\u00f3b niezaka\u017anych w Europie. 4 marca odb\u0119dzie si\u0119 coroczne spotkanie z Biurem Regionalnym WHO dla Europy, kt\u00f3re jako Partner [&hellip;]<\/p>","protected":false},"author":2,"featured_media":0,"comment_status":"open","ping_status":"open","sticky":false,"template":"","format":"standard","meta":{"footnotes":""},"categories":[21],"tags":[],"class_list":["post-1773","post","type-post","status-publish","format-standard","hentry","category-wydarzenia"],"blocksy_meta":[],"_links":{"self":[{"href":"https:\/\/preventncd.sum.edu.pl\/en\/wp-json\/wp\/v2\/posts\/1773","targetHints":{"allow":["GET"]}}],"collection":[{"href":"https:\/\/preventncd.sum.edu.pl\/en\/wp-json\/wp\/v2\/posts"}],"about":[{"href":"https:\/\/preventncd.sum.edu.pl\/en\/wp-json\/wp\/v2\/types\/post"}],"author":[{"embeddable":true,"href":"https:\/\/preventncd.sum.edu.pl\/en\/wp-json\/wp\/v2\/users\/2"}],"replies":[{"embeddable":true,"href":"https:\/\/preventncd.sum.edu.pl\/en\/wp-json\/wp\/v2\/comments?post=1773"}],"version-history":[{"count":2,"href":"https:\/\/preventncd.sum.edu.pl\/en\/wp-json\/wp\/v2\/posts\/1773\/revisions"}],"predecessor-version":[{"id":1779,"href":"https:\/\/preventncd.sum.edu.pl\/en\/wp-json\/wp\/v2\/posts\/1773\/revisions\/1779"}],"wp:attachment":[{"href":"https:\/\/preventncd.sum.edu.pl\/en\/wp-json\/wp\/v2\/media?parent=1773"}],"wp:term":[{"taxonomy":"category","embeddable":true,"href":"https:\/\/preventncd.sum.edu.pl\/en\/wp-json\/wp\/v2\/categories?post=1773"},{"taxonomy":"post_tag","embeddable":true,"href":"https:\/\/preventncd.sum.edu.pl\/en\/wp-json\/wp\/v2\/tags?post=1773"}],"curies":[{"name":"wp","href":"https:\/\/api.w.org\/{rel}","templated":true}]}}