{"id":1708,"date":"2025-11-03T13:03:05","date_gmt":"2025-11-03T12:03:05","guid":{"rendered":"https:\/\/preventncd.sum.edu.pl\/?p=1708"},"modified":"2025-11-03T13:03:06","modified_gmt":"2025-11-03T12:03:06","slug":"spotkanie-partnerow-wp5-kopenhaga-2","status":"publish","type":"post","link":"https:\/\/preventncd.sum.edu.pl\/en\/spotkanie-partnerow-wp5-kopenhaga-2\/","title":{"rendered":"JA PreventNCD to Co-organise a Pre-conference Session at the 2025 EPH Conference in Helsinki"},"content":{"rendered":"<figure class=\"wp-block-gallery has-nested-images columns-default is-cropped wp-block-gallery-1 is-layout-flex wp-block-gallery-is-layout-flex\">\n<figure class=\"wp-block-image size-full\"><img loading=\"lazy\" decoding=\"async\" width=\"1920\" height=\"1080\" data-id=\"1693\" src=\"https:\/\/preventncd.sum.edu.pl\/wp-content\/uploads\/2025\/11\/9.jpg\" alt=\"\" class=\"wp-image-1693\" srcset=\"https:\/\/preventncd.sum.edu.pl\/wp-content\/uploads\/2025\/11\/9.jpg 1920w, https:\/\/preventncd.sum.edu.pl\/wp-content\/uploads\/2025\/11\/9-300x169.jpg 300w, https:\/\/preventncd.sum.edu.pl\/wp-content\/uploads\/2025\/11\/9-1024x576.jpg 1024w, https:\/\/preventncd.sum.edu.pl\/wp-content\/uploads\/2025\/11\/9-768x432.jpg 768w, https:\/\/preventncd.sum.edu.pl\/wp-content\/uploads\/2025\/11\/9-1536x864.jpg 1536w, https:\/\/preventncd.sum.edu.pl\/wp-content\/uploads\/2025\/11\/9-18x10.jpg 18w\" sizes=\"auto, (max-width: 1920px) 100vw, 1920px\" \/><\/figure>\n<\/figure>\n\n\n\n<p>On 11 November 2025, a pre-conference session organised by the consortium of the Joint Action PreventNCD project will take place at Finlandia Hall in Helsinki, as part of the 18th European Public Health Conference (EPH Conference 2025). The session is entitled: \u201cHealthy settings, healthy lives: advancing the Settings Approach in health promotion (HPRO)\u201d.<\/p>\n\n\n\n<p>The EPH Conference \u2013 the largest European public health conference, will be held on 11-14 November 2025 in Helsinki. This year\u2019s edition focuses on viewing health and wellbeing as an investment rather than a cost. Its aim is to demonstrate that investing in population health supports social, economic and environmental development, while a healthy planet and equitable societies strengthen the wellbeing of individuals and communities.<\/p>\n\n\n\n<p>The session organised by JA PreventNCD will focus on the role of settings for everyday life \u2013 such as schools, workplaces and public institutions \u2013 in shaping health and wellbeing. Participants will discuss how to create health-promoting environments that are more accessible, equitable and sustainable.<\/p>\n\n\n\n<p>The session programme will include, among others:<\/p>\n\n\n\n<ul class=\"wp-block-list\">\n<li>examples of implementing the settings approach in various European countries,<\/li>\n\n\n\n<li>innovative solutions supporting health in workplaces and educational settings,<\/li>\n\n\n\n<li>cross-sectoral cooperation for healthy environments,<\/li>\n\n\n\n<li>the role of local governments and communities in promoting health,<\/li>\n\n\n\n<li>equality in access to a healthy environment.<\/li>\n<\/ul>\n\n\n\n<p>Katarzyna Bruka\u0142o, PhD, Associate Professor, will take part as a panelist in a discussion titled \u201cFuture-forward settings: innovation, inclusion and intersectoral collaboration\u201d, held during the pre-conference on 11 November 2025. The discussion will focus on innovative and inclusive approaches to creating healthy environments conducive to the prevention of NCDs, and will also serve as a space for reflection following the preceding thematic workshops.<\/p>\n\n\n\n<p>In addition, there will be a Health4EUkids project meeting during the conference, with Justyna Nowak, PhD, and Katarzyna Bruka\u0142o, PhD, Associate Professor, representing the Medical University of Silesia.<\/p>\n\n\n\n<p>The conference will bring together experts, representatives of European institutions and public health practitioners. It will serve as an opportunity to exchange experiences, present research results and jointly explore solutions for more effective NCD prevention in Europe.<\/p>","protected":false},"excerpt":{"rendered":"<p>11 listopada 2025 roku w Finlandia Hall w Helsinkach odb\u0119dzie si\u0119 sesja prekonferencyjna organizowana przez konsorcjum projektu Joint Action PreventNCD, w ramach 18. Europejskiej Konferencji Zdrowia Publicznego (EPH Conference 2025). Sesja nosi tytu\u0142: \u201eZdrowe \u015brodowiska, zdrowe \u017cycie: rozwijanie podej\u015bcia \u015brodowiskowego w promocji zdrowia\u201d. Konferencja EPH &#8211; najwi\u0119ksza europejska konferencja zdrowia publicznego, odb\u0119dzie si\u0119 w dniach [&hellip;]<\/p>","protected":false},"author":1,"featured_media":1693,"comment_status":"closed","ping_status":"open","sticky":false,"template":"","format":"standard","meta":{"footnotes":""},"categories":[1,21],"tags":[],"class_list":["post-1708","post","type-post","status-publish","format-standard","has-post-thumbnail","hentry","category-bez-kategorii","category-wydarzenia"],"blocksy_meta":[],"_links":{"self":[{"href":"https:\/\/preventncd.sum.edu.pl\/en\/wp-json\/wp\/v2\/posts\/1708","targetHints":{"allow":["GET"]}}],"collection":[{"href":"https:\/\/preventncd.sum.edu.pl\/en\/wp-json\/wp\/v2\/posts"}],"about":[{"href":"https:\/\/preventncd.sum.edu.pl\/en\/wp-json\/wp\/v2\/types\/post"}],"author":[{"embeddable":true,"href":"https:\/\/preventncd.sum.edu.pl\/en\/wp-json\/wp\/v2\/users\/1"}],"replies":[{"embeddable":true,"href":"https:\/\/preventncd.sum.edu.pl\/en\/wp-json\/wp\/v2\/comments?post=1708"}],"version-history":[{"count":1,"href":"https:\/\/preventncd.sum.edu.pl\/en\/wp-json\/wp\/v2\/posts\/1708\/revisions"}],"predecessor-version":[{"id":1709,"href":"https:\/\/preventncd.sum.edu.pl\/en\/wp-json\/wp\/v2\/posts\/1708\/revisions\/1709"}],"wp:featuredmedia":[{"embeddable":true,"href":"https:\/\/preventncd.sum.edu.pl\/en\/wp-json\/wp\/v2\/media\/1693"}],"wp:attachment":[{"href":"https:\/\/preventncd.sum.edu.pl\/en\/wp-json\/wp\/v2\/media?parent=1708"}],"wp:term":[{"taxonomy":"category","embeddable":true,"href":"https:\/\/preventncd.sum.edu.pl\/en\/wp-json\/wp\/v2\/categories?post=1708"},{"taxonomy":"post_tag","embeddable":true,"href":"https:\/\/preventncd.sum.edu.pl\/en\/wp-json\/wp\/v2\/tags?post=1708"}],"curies":[{"name":"wp","href":"https:\/\/api.w.org\/{rel}","templated":true}]}}