{"id":1637,"date":"2025-10-01T09:33:23","date_gmt":"2025-10-01T07:33:23","guid":{"rendered":"https:\/\/preventncd.sum.edu.pl\/?p=1637"},"modified":"2025-10-06T13:25:40","modified_gmt":"2025-10-06T11:25:40","slug":"spotkanie-zespolu-ds-zrownowazonego-rozwoju-japreventncd-3-2","status":"publish","type":"post","link":"https:\/\/preventncd.sum.edu.pl\/en\/spotkanie-zespolu-ds-zrownowazonego-rozwoju-japreventncd-3-2\/","title":{"rendered":"Meeting of the Intersectoral Working Group on Public Food Procurement"},"content":{"rendered":"<figure class=\"wp-block-image size-full\"><img loading=\"lazy\" decoding=\"async\" width=\"700\" height=\"380\" src=\"https:\/\/preventncd.sum.edu.pl\/wp-content\/uploads\/2025\/10\/6.jpg\" alt=\"\" class=\"wp-image-1658\" srcset=\"https:\/\/preventncd.sum.edu.pl\/wp-content\/uploads\/2025\/10\/6.jpg 1920w, https:\/\/preventncd.sum.edu.pl\/wp-content\/uploads\/2025\/10\/6-300x169.jpg 300w, https:\/\/preventncd.sum.edu.pl\/wp-content\/uploads\/2025\/10\/6-1024x576.jpg 1024w, https:\/\/preventncd.sum.edu.pl\/wp-content\/uploads\/2025\/10\/6-768x432.jpg 768w, https:\/\/preventncd.sum.edu.pl\/wp-content\/uploads\/2025\/10\/6-1536x864.jpg 1536w, https:\/\/preventncd.sum.edu.pl\/wp-content\/uploads\/2025\/10\/6-18x10.jpg 18w\" sizes=\"auto, (max-width: 700px) 100vw, 700px\" \/><\/figure>\n\n\n\n<p class=\"justuj has-black-color has-text-color has-link-color wp-elements-5ccb1b34d0a75f41eac998f698929e62\"><\/p>\n\n\n\n<p class=\"justuj\">On September 19, the Intersectoral Working Group on Public Food Procurement, operating under the JA PreventNCD project, held an online meeting.<br><br>The event was organized by Katarzyna Bruka\u0142o, PhD, Associate Professor, and focused on public food procurement in public institutions across the European Union. The group continues the work initiated under the Best Re-MaP project, with its main goal being to promote healthy food choices through the implementation of sustainable public procurement practices in public institutions.<br><br>The meeting was attended by representatives from various sectors, including health, education, public administration, non-governmental organizations, the food industry, and public procurement experts.<br>The meeting was opened by Ne\u017ea Fras, who \u2013 together with her team lead Mojca Gabrijel\u010di\u010d and with the support of the team from the Municipality of Copenhagen \u2013 coordinates Task 5.4 on public food procurement within the Joint Action PreventNCD project. She highlighted the growing awareness and commitment to high-quality public food procurement in Poland. She also emphasized the importance of friendly and strong relationships between teams, which bring added value to the collaboration.<br>The meeting was attended by, among others, representatives of cities (Warsaw, Zabrze, Rybnik), scientific societies (such as the Polish Society of Dietetics), and public institutions including schools, kindergartens, and hospitals.<br><br>During the meeting, the following topics were discussed:<br><br>\u2022 the current status of activities within the JA PreventNCD project,<br>\u2022 priorities and challenges related to public food procurement,<br>\u2022 good practices and inspirations from other regions and projects,<br>\u2022 planning of future activities and the group\u2019s work schedule.<br><br>The meeting provided an important opportunity to exchange experiences and strengthen intersectoral cooperation, which is key to implementing meaningful changes in the public procurement system\u2014for the benefit of public health and sustainable development.<\/p>\n\n\n\n<figure class=\"wp-block-image size-full\"><img loading=\"lazy\" decoding=\"async\" width=\"916\" height=\"606\" src=\"https:\/\/preventncd.sum.edu.pl\/wp-content\/uploads\/2025\/10\/7.jpg\" alt=\"\" class=\"wp-image-1638\" srcset=\"https:\/\/preventncd.sum.edu.pl\/wp-content\/uploads\/2025\/10\/7.jpg 916w, https:\/\/preventncd.sum.edu.pl\/wp-content\/uploads\/2025\/10\/7-300x198.jpg 300w, https:\/\/preventncd.sum.edu.pl\/wp-content\/uploads\/2025\/10\/7-768x508.jpg 768w, https:\/\/preventncd.sum.edu.pl\/wp-content\/uploads\/2025\/10\/7-18x12.jpg 18w\" sizes=\"auto, (max-width: 916px) 100vw, 916px\" \/><\/figure>\n\n\n\n<figure class=\"wp-block-image size-large\"><img loading=\"lazy\" decoding=\"async\" width=\"1024\" height=\"583\" src=\"https:\/\/preventncd.sum.edu.pl\/wp-content\/uploads\/2025\/10\/4-1024x583.jpg\" alt=\"\" class=\"wp-image-1639\" srcset=\"https:\/\/preventncd.sum.edu.pl\/wp-content\/uploads\/2025\/10\/4-1024x583.jpg 1024w, https:\/\/preventncd.sum.edu.pl\/wp-content\/uploads\/2025\/10\/4-300x171.jpg 300w, https:\/\/preventncd.sum.edu.pl\/wp-content\/uploads\/2025\/10\/4-768x437.jpg 768w, https:\/\/preventncd.sum.edu.pl\/wp-content\/uploads\/2025\/10\/4-18x10.jpg 18w, https:\/\/preventncd.sum.edu.pl\/wp-content\/uploads\/2025\/10\/4.jpg 1135w\" sizes=\"auto, (max-width: 1024px) 100vw, 1024px\" \/><\/figure>\n\n\n\n<figure class=\"wp-block-image size-full\"><img loading=\"lazy\" decoding=\"async\" width=\"681\" height=\"436\" src=\"https:\/\/preventncd.sum.edu.pl\/wp-content\/uploads\/2025\/10\/8.jpg\" alt=\"\" class=\"wp-image-1640\" srcset=\"https:\/\/preventncd.sum.edu.pl\/wp-content\/uploads\/2025\/10\/8.jpg 681w, https:\/\/preventncd.sum.edu.pl\/wp-content\/uploads\/2025\/10\/8-300x192.jpg 300w, https:\/\/preventncd.sum.edu.pl\/wp-content\/uploads\/2025\/10\/8-18x12.jpg 18w\" sizes=\"auto, (max-width: 681px) 100vw, 681px\" \/><\/figure>\n\n\n\n<figure class=\"wp-block-image size-full\"><img loading=\"lazy\" decoding=\"async\" width=\"672\" height=\"418\" src=\"https:\/\/preventncd.sum.edu.pl\/wp-content\/uploads\/2025\/10\/9.jpg\" alt=\"\" class=\"wp-image-1641\" srcset=\"https:\/\/preventncd.sum.edu.pl\/wp-content\/uploads\/2025\/10\/9.jpg 672w, https:\/\/preventncd.sum.edu.pl\/wp-content\/uploads\/2025\/10\/9-300x187.jpg 300w, https:\/\/preventncd.sum.edu.pl\/wp-content\/uploads\/2025\/10\/9-18x12.jpg 18w\" sizes=\"auto, (max-width: 672px) 100vw, 672px\" \/><\/figure>","protected":false},"excerpt":{"rendered":"<p>W dniu 19 wrze\u015bnia odby\u0142o si\u0119 spotkanie online Intersektoralnej Grupy Roboczej ds. Zam\u00f3wie\u0144 Publicznych \u017bywno\u015bci, dzia\u0142aj\u0105cej w ramach projektu JA PreventNCD. Wydarzenie zosta\u0142o zorganizowane przez dr hab. nauk o zdrowiu Katarzyn\u0119 Bruka\u0142o i by\u0142o po\u015bwi\u0119cone zam\u00f3wieniom publicznym \u017cywno\u015bci w instytucjach publicznych w Unii Europejskiej. Grupa kontynuuje dzia\u0142alno\u015b\u0107 rozpocz\u0119t\u0105 w projekcie Best Re-MaP, a jej g\u0142\u00f3wnym [&hellip;]<\/p>","protected":false},"author":1,"featured_media":1646,"comment_status":"closed","ping_status":"open","sticky":false,"template":"","format":"standard","meta":{"footnotes":""},"categories":[1,21],"tags":[],"class_list":["post-1637","post","type-post","status-publish","format-standard","has-post-thumbnail","hentry","category-bez-kategorii","category-wydarzenia"],"blocksy_meta":[],"_links":{"self":[{"href":"https:\/\/preventncd.sum.edu.pl\/en\/wp-json\/wp\/v2\/posts\/1637","targetHints":{"allow":["GET"]}}],"collection":[{"href":"https:\/\/preventncd.sum.edu.pl\/en\/wp-json\/wp\/v2\/posts"}],"about":[{"href":"https:\/\/preventncd.sum.edu.pl\/en\/wp-json\/wp\/v2\/types\/post"}],"author":[{"embeddable":true,"href":"https:\/\/preventncd.sum.edu.pl\/en\/wp-json\/wp\/v2\/users\/1"}],"replies":[{"embeddable":true,"href":"https:\/\/preventncd.sum.edu.pl\/en\/wp-json\/wp\/v2\/comments?post=1637"}],"version-history":[{"count":6,"href":"https:\/\/preventncd.sum.edu.pl\/en\/wp-json\/wp\/v2\/posts\/1637\/revisions"}],"predecessor-version":[{"id":1659,"href":"https:\/\/preventncd.sum.edu.pl\/en\/wp-json\/wp\/v2\/posts\/1637\/revisions\/1659"}],"wp:featuredmedia":[{"embeddable":true,"href":"https:\/\/preventncd.sum.edu.pl\/en\/wp-json\/wp\/v2\/media\/1646"}],"wp:attachment":[{"href":"https:\/\/preventncd.sum.edu.pl\/en\/wp-json\/wp\/v2\/media?parent=1637"}],"wp:term":[{"taxonomy":"category","embeddable":true,"href":"https:\/\/preventncd.sum.edu.pl\/en\/wp-json\/wp\/v2\/categories?post=1637"},{"taxonomy":"post_tag","embeddable":true,"href":"https:\/\/preventncd.sum.edu.pl\/en\/wp-json\/wp\/v2\/tags?post=1637"}],"curies":[{"name":"wp","href":"https:\/\/api.w.org\/{rel}","templated":true}]}}