{"id":1628,"date":"2025-09-22T07:44:38","date_gmt":"2025-09-22T05:44:38","guid":{"rendered":"https:\/\/preventncd.sum.edu.pl\/?p=1628"},"modified":"2025-10-06T13:25:51","modified_gmt":"2025-10-06T11:25:51","slug":"spotkanie-zespolu-ds-zrownowazonego-rozwoju-japreventncd-3","status":"publish","type":"post","link":"https:\/\/preventncd.sum.edu.pl\/en\/spotkanie-zespolu-ds-zrownowazonego-rozwoju-japreventncd-3\/","title":{"rendered":"2nd JA PreventNCD Policy Makers Forum in Brussels"},"content":{"rendered":"<p class=\"justuj has-black-color has-text-color has-link-color wp-elements-1c0046de26136a15638ce71b2e7e7421\"><\/p>\n\n\n<figure class=\"wp-block-post-featured-image\"><img loading=\"lazy\" decoding=\"async\" width=\"1920\" height=\"1080\" src=\"https:\/\/preventncd.sum.edu.pl\/wp-content\/uploads\/2025\/10\/4-2.jpg\" class=\"attachment-post-thumbnail size-post-thumbnail wp-post-image\" alt=\"obraz dekoracyjny\" style=\"object-fit:cover;\" srcset=\"https:\/\/preventncd.sum.edu.pl\/wp-content\/uploads\/2025\/10\/4-2.jpg 1920w, https:\/\/preventncd.sum.edu.pl\/wp-content\/uploads\/2025\/10\/4-2-300x169.jpg 300w, https:\/\/preventncd.sum.edu.pl\/wp-content\/uploads\/2025\/10\/4-2-1024x576.jpg 1024w, https:\/\/preventncd.sum.edu.pl\/wp-content\/uploads\/2025\/10\/4-2-768x432.jpg 768w, https:\/\/preventncd.sum.edu.pl\/wp-content\/uploads\/2025\/10\/4-2-1536x864.jpg 1536w, https:\/\/preventncd.sum.edu.pl\/wp-content\/uploads\/2025\/10\/4-2-18x10.jpg 18w\" sizes=\"auto, (max-width: 1920px) 100vw, 1920px\" \/><\/figure>\n\n<p style=\"text-align: justify;\">On 9 September 2025, the second meeting of the Policy Decision Makers Forum was held in Brussels as part of the Joint Action PreventNCD project. The event was organised by the National Institute of Public Health of Slovenia (NIJZ), the leader of activities in the field of sustainable development (Work Package No. 4).<br \/>The aim of the Forum was to discuss the activities of JA PreventNCD to date and to gather the opinions of decision-makers on the possibilities of implementing the developed solutions at national and EU level. Particular emphasis was placed on the sustainability of the project's results and their integration with existing health policies.<br \/>The meeting was attended by experts from:<\/p>\n<ul>\n<li style=\"text-align: justify;\">Dyrekcji Generalnych Komisji Europejskiej (DG SANTE, DG AGRI, DG TAXUD, DG CONNECT, DG RESEARCH, DG REFORM)<\/li>\n<li style=\"text-align: justify;\">WHO Europe<\/li>\n<li style=\"text-align: justify;\">OECD<\/li>\n<li style=\"text-align: justify;\">Wsp\u00f3lnego Centrum Badawczego (JRC)<\/li>\n<li style=\"text-align: justify;\">Inicjatywy JACARDI<\/li>\n<li style=\"text-align: justify;\">Konsorcjum JA PreventNCD<\/li>\n<\/ul>\n<p>The Medical University of Silesia in Katowice was represented by Dr Katarzyna Bruka\u0142o, who actively participated in discussions on the future of health policies in Europe.<br \/>The Forum presented an overview of JA PreventNCD activities from the first 18 months of the project and selected case studies of health policies, including:<\/p>\n<ul>\n<li>Restricting harmful food marketing to children in the digital environment<\/li>\n<li>Health promotion at the local level<\/li>\n<li>Health tax policy<\/li>\n<li>Sustainable public procurement of food<\/li>\n<\/ul>\n<p>In addition, activities related to future EU presidencies, cooperation with the JACARDI initiative and the Forum members' reflections on the further development of the project were discussed.<br \/>The meeting was an important step towards implementing sustainable solutions for the prevention of non-communicable diseases (NCDs) in Europe. Thanks to the involvement of experts and decision-makers from various sectors, JA PreventNCD has a real chance to influence health policies in Europe.<\/p>","protected":false},"excerpt":{"rendered":"<p>W dniu 9 wrze\u015bnia 2025 r. w Brukseli odby\u0142o si\u0119 drugie spotkanie Forum Decydent\u00f3w Politycznych (Policy Decision Makers Forum) w ramach projektu Joint Action PreventNCD. Wydarzenie zosta\u0142o zorganizowane przez Narodowy Instytut Zdrowia Publicznego S\u0142owenii (NIJZ), lidera dzia\u0142a\u0144 z zakresu zr\u00f3wnowa\u017conego rozwoju (Pakiet Roboczy nr 4).Celem Forum by\u0142o om\u00f3wienie dotychczasowych dzia\u0142a\u0144 JA PreventNCD oraz zebranie opinii [&hellip;]<\/p>","protected":false},"author":1,"featured_media":1629,"comment_status":"closed","ping_status":"open","sticky":false,"template":"","format":"standard","meta":{"footnotes":""},"categories":[1,21],"tags":[],"class_list":["post-1628","post","type-post","status-publish","format-standard","has-post-thumbnail","hentry","category-bez-kategorii","category-wydarzenia"],"blocksy_meta":[],"_links":{"self":[{"href":"https:\/\/preventncd.sum.edu.pl\/en\/wp-json\/wp\/v2\/posts\/1628","targetHints":{"allow":["GET"]}}],"collection":[{"href":"https:\/\/preventncd.sum.edu.pl\/en\/wp-json\/wp\/v2\/posts"}],"about":[{"href":"https:\/\/preventncd.sum.edu.pl\/en\/wp-json\/wp\/v2\/types\/post"}],"author":[{"embeddable":true,"href":"https:\/\/preventncd.sum.edu.pl\/en\/wp-json\/wp\/v2\/users\/1"}],"replies":[{"embeddable":true,"href":"https:\/\/preventncd.sum.edu.pl\/en\/wp-json\/wp\/v2\/comments?post=1628"}],"version-history":[{"count":3,"href":"https:\/\/preventncd.sum.edu.pl\/en\/wp-json\/wp\/v2\/posts\/1628\/revisions"}],"predecessor-version":[{"id":1635,"href":"https:\/\/preventncd.sum.edu.pl\/en\/wp-json\/wp\/v2\/posts\/1628\/revisions\/1635"}],"wp:featuredmedia":[{"embeddable":true,"href":"https:\/\/preventncd.sum.edu.pl\/en\/wp-json\/wp\/v2\/media\/1629"}],"wp:attachment":[{"href":"https:\/\/preventncd.sum.edu.pl\/en\/wp-json\/wp\/v2\/media?parent=1628"}],"wp:term":[{"taxonomy":"category","embeddable":true,"href":"https:\/\/preventncd.sum.edu.pl\/en\/wp-json\/wp\/v2\/categories?post=1628"},{"taxonomy":"post_tag","embeddable":true,"href":"https:\/\/preventncd.sum.edu.pl\/en\/wp-json\/wp\/v2\/tags?post=1628"}],"curies":[{"name":"wp","href":"https:\/\/api.w.org\/{rel}","templated":true}]}}