{"id":1512,"date":"2025-05-09T09:43:53","date_gmt":"2025-05-09T07:43:53","guid":{"rendered":"https:\/\/preventncd.sum.edu.pl\/?p=1512"},"modified":"2025-05-12T11:32:44","modified_gmt":"2025-05-12T09:32:44","slug":"wellbeing-economy-forum-2025-slaski-uniwersytet-medyczny-na-miedzynarodowym-forum-zdrowia-publicznego","status":"publish","type":"post","link":"https:\/\/preventncd.sum.edu.pl\/en\/wellbeing-economy-forum-2025-slaski-uniwersytet-medyczny-na-miedzynarodowym-forum-zdrowia-publicznego\/","title":{"rendered":"Wellbeing Economy Forum 2025 \u2013 Medical University of Silesia at an International Public Health Forum"},"content":{"rendered":"<p class=\"has-black-color has-text-color has-link-color wp-elements-b90f18fbc59fda5cea8512c6ecc5a1e1\"><\/p>\n\n\n<p style=\"text-align: justify;\">On May 8\u20139, 2025, the Wellbeing Economy Forum is taking place at the Harpa Concert Hall and Conference Centre in Reykjavik, Iceland. This prestigious international event is an integral part of the JA PreventNCD project.<\/p>\n<p style=\"text-align: justify;\">The forum brings together political leaders, public health experts, and representatives from the academic community to discuss how to build economies that prioritize the health and wellbeing of citizens. The event promotes systemic changes that support the creation of healthier and more equitable societies across Europe.<\/p>\n<p style=\"text-align: justify;\">The Medical University of Silesia in Katowice is represented at the forum by:<\/p>\n<ul style=\"text-align: justify;\">\n<li>Katarzyna Bruka\u0142o, PhD - Project Coordinator of JA PreventNCD,<\/li>\n<li>Ilona Hajok, PhD,<\/li>\n<li>Mariusz Mi\u015bkiewicz, PhD - Deputy Chancellor for Research Activities.<\/li>\n<\/ul>\n<p style=\"text-align: justify;\">The presence of the university's delegation reflects its strong commitment to shaping European health policy and contributing to the development of sustainable systems that promote public health.<\/p>\n<p style=\"text-align: justify;\">The event is organized by the Icelandic Directorate of Health and is supported by the European Union health programme.<\/p>\n<p style=\"text-align: justify;\">More information about the event, including the full programme and speaker list, is available at: <a href=\"http:\/\/www.wellbeingeconomyforum.com\">www.wellbeingeconomyforum.com<\/a><\/p>\n\n\n<p class=\"has-black-color has-text-color has-link-color wp-elements-33cf10f9b34dcc80267d1f09d06ee50c\"><\/p>\n\n\n\n<p class=\"has-black-color has-text-color has-link-color wp-elements-133d81880cb77a90c0c894af204914c7\"><\/p>\n\n\n\n<figure class=\"wp-block-image size-full\"><img loading=\"lazy\" decoding=\"async\" width=\"697\" height=\"464\" src=\"https:\/\/preventncd.sum.edu.pl\/wp-content\/uploads\/2025\/05\/zdjecie-dekoracyjne-1.png\" alt=\"\" class=\"wp-image-1526\" srcset=\"https:\/\/preventncd.sum.edu.pl\/wp-content\/uploads\/2025\/05\/zdjecie-dekoracyjne-1.png 697w, https:\/\/preventncd.sum.edu.pl\/wp-content\/uploads\/2025\/05\/zdjecie-dekoracyjne-1-300x200.png 300w, https:\/\/preventncd.sum.edu.pl\/wp-content\/uploads\/2025\/05\/zdjecie-dekoracyjne-1-18x12.png 18w\" sizes=\"auto, (max-width: 697px) 100vw, 697px\" \/><\/figure>\n\n\n\n<figure class=\"wp-block-image size-full\"><img loading=\"lazy\" decoding=\"async\" width=\"698\" height=\"358\" src=\"https:\/\/preventncd.sum.edu.pl\/wp-content\/uploads\/2025\/05\/zdjecie-dekoracyjne-2.jpg\" alt=\"\" class=\"wp-image-1525\" srcset=\"https:\/\/preventncd.sum.edu.pl\/wp-content\/uploads\/2025\/05\/zdjecie-dekoracyjne-2.jpg 698w, https:\/\/preventncd.sum.edu.pl\/wp-content\/uploads\/2025\/05\/zdjecie-dekoracyjne-2-300x154.jpg 300w, https:\/\/preventncd.sum.edu.pl\/wp-content\/uploads\/2025\/05\/zdjecie-dekoracyjne-2-18x9.jpg 18w\" sizes=\"auto, (max-width: 698px) 100vw, 698px\" \/><\/figure>\n\n\n\n<figure class=\"wp-block-image size-full\"><img loading=\"lazy\" decoding=\"async\" width=\"697\" height=\"523\" src=\"https:\/\/preventncd.sum.edu.pl\/wp-content\/uploads\/2025\/05\/zdjecie-dekoracyjne-3.png\" alt=\"\" class=\"wp-image-1524\" srcset=\"https:\/\/preventncd.sum.edu.pl\/wp-content\/uploads\/2025\/05\/zdjecie-dekoracyjne-3.png 697w, https:\/\/preventncd.sum.edu.pl\/wp-content\/uploads\/2025\/05\/zdjecie-dekoracyjne-3-300x225.png 300w, https:\/\/preventncd.sum.edu.pl\/wp-content\/uploads\/2025\/05\/zdjecie-dekoracyjne-3-16x12.png 16w\" sizes=\"auto, (max-width: 697px) 100vw, 697px\" \/><\/figure>\n\n\n\n<figure class=\"wp-block-image size-full\"><img loading=\"lazy\" decoding=\"async\" width=\"536\" height=\"1026\" src=\"https:\/\/preventncd.sum.edu.pl\/wp-content\/uploads\/2025\/05\/zdjecie-dekoracyjne-4.png\" alt=\"\" class=\"wp-image-1523\" srcset=\"https:\/\/preventncd.sum.edu.pl\/wp-content\/uploads\/2025\/05\/zdjecie-dekoracyjne-4.png 536w, https:\/\/preventncd.sum.edu.pl\/wp-content\/uploads\/2025\/05\/zdjecie-dekoracyjne-4-157x300.png 157w, https:\/\/preventncd.sum.edu.pl\/wp-content\/uploads\/2025\/05\/zdjecie-dekoracyjne-4-535x1024.png 535w, https:\/\/preventncd.sum.edu.pl\/wp-content\/uploads\/2025\/05\/zdjecie-dekoracyjne-4-6x12.png 6w\" sizes=\"auto, (max-width: 536px) 100vw, 536px\" \/><\/figure>\n\n\n\n<figure class=\"wp-block-image size-full\"><img loading=\"lazy\" decoding=\"async\" width=\"697\" height=\"929\" src=\"https:\/\/preventncd.sum.edu.pl\/wp-content\/uploads\/2025\/05\/zdjecie-dekoracyjne-5.png\" alt=\"\" class=\"wp-image-1522\" srcset=\"https:\/\/preventncd.sum.edu.pl\/wp-content\/uploads\/2025\/05\/zdjecie-dekoracyjne-5.png 697w, https:\/\/preventncd.sum.edu.pl\/wp-content\/uploads\/2025\/05\/zdjecie-dekoracyjne-5-225x300.png 225w, https:\/\/preventncd.sum.edu.pl\/wp-content\/uploads\/2025\/05\/zdjecie-dekoracyjne-5-9x12.png 9w\" sizes=\"auto, (max-width: 697px) 100vw, 697px\" \/><\/figure>\n\n\n\n<figure class=\"wp-block-image size-full\"><img loading=\"lazy\" decoding=\"async\" width=\"697\" height=\"380\" src=\"https:\/\/preventncd.sum.edu.pl\/wp-content\/uploads\/2025\/05\/zdjecie-dekoracyjne-6.png\" alt=\"\" class=\"wp-image-1521\" srcset=\"https:\/\/preventncd.sum.edu.pl\/wp-content\/uploads\/2025\/05\/zdjecie-dekoracyjne-6.png 697w, https:\/\/preventncd.sum.edu.pl\/wp-content\/uploads\/2025\/05\/zdjecie-dekoracyjne-6-300x164.png 300w, https:\/\/preventncd.sum.edu.pl\/wp-content\/uploads\/2025\/05\/zdjecie-dekoracyjne-6-18x10.png 18w\" sizes=\"auto, (max-width: 697px) 100vw, 697px\" \/><\/figure>\n\n\n\n<figure class=\"wp-block-image size-full\"><img loading=\"lazy\" decoding=\"async\" width=\"697\" height=\"524\" src=\"https:\/\/preventncd.sum.edu.pl\/wp-content\/uploads\/2025\/05\/zdjecie-dekoracyjne-7.png\" alt=\"\" class=\"wp-image-1527\" srcset=\"https:\/\/preventncd.sum.edu.pl\/wp-content\/uploads\/2025\/05\/zdjecie-dekoracyjne-7.png 697w, https:\/\/preventncd.sum.edu.pl\/wp-content\/uploads\/2025\/05\/zdjecie-dekoracyjne-7-300x226.png 300w, https:\/\/preventncd.sum.edu.pl\/wp-content\/uploads\/2025\/05\/zdjecie-dekoracyjne-7-16x12.png 16w\" sizes=\"auto, (max-width: 697px) 100vw, 697px\" \/><\/figure>","protected":false},"excerpt":{"rendered":"<p>W dniach 8\u20139 maja 2025 r. w Harpa Concert Hall and Conference Centre w Reykjav\u00edku (Islandia) odbywa si\u0119 Wellbeing Economy Forum \u2013 presti\u017cowe mi\u0119dzynarodowe wydarzenie b\u0119d\u0105ce integraln\u0105 cz\u0119\u015bci\u0105 projektu JA PreventNCD. Forum zgromadzi\u0142 lider\u00f3w politycznych, ekspert\u00f3w ds. zdrowia publicznego oraz przedstawicieli \u015bwiata nauki, aby wsp\u00f3lnie rozmawia\u0107 o budowaniu gospodarek, kt\u00f3re priorytetowo traktuj\u0105 zdrowie i dobrostan [&hellip;]<\/p>","protected":false},"author":1,"featured_media":1526,"comment_status":"closed","ping_status":"open","sticky":false,"template":"","format":"standard","meta":{"footnotes":""},"categories":[21],"tags":[],"class_list":["post-1512","post","type-post","status-publish","format-standard","has-post-thumbnail","hentry","category-wydarzenia"],"blocksy_meta":[],"_links":{"self":[{"href":"https:\/\/preventncd.sum.edu.pl\/en\/wp-json\/wp\/v2\/posts\/1512","targetHints":{"allow":["GET"]}}],"collection":[{"href":"https:\/\/preventncd.sum.edu.pl\/en\/wp-json\/wp\/v2\/posts"}],"about":[{"href":"https:\/\/preventncd.sum.edu.pl\/en\/wp-json\/wp\/v2\/types\/post"}],"author":[{"embeddable":true,"href":"https:\/\/preventncd.sum.edu.pl\/en\/wp-json\/wp\/v2\/users\/1"}],"replies":[{"embeddable":true,"href":"https:\/\/preventncd.sum.edu.pl\/en\/wp-json\/wp\/v2\/comments?post=1512"}],"version-history":[{"count":3,"href":"https:\/\/preventncd.sum.edu.pl\/en\/wp-json\/wp\/v2\/posts\/1512\/revisions"}],"predecessor-version":[{"id":1529,"href":"https:\/\/preventncd.sum.edu.pl\/en\/wp-json\/wp\/v2\/posts\/1512\/revisions\/1529"}],"wp:featuredmedia":[{"embeddable":true,"href":"https:\/\/preventncd.sum.edu.pl\/en\/wp-json\/wp\/v2\/media\/1526"}],"wp:attachment":[{"href":"https:\/\/preventncd.sum.edu.pl\/en\/wp-json\/wp\/v2\/media?parent=1512"}],"wp:term":[{"taxonomy":"category","embeddable":true,"href":"https:\/\/preventncd.sum.edu.pl\/en\/wp-json\/wp\/v2\/categories?post=1512"},{"taxonomy":"post_tag","embeddable":true,"href":"https:\/\/preventncd.sum.edu.pl\/en\/wp-json\/wp\/v2\/tags?post=1512"}],"curies":[{"name":"wp","href":"https:\/\/api.w.org\/{rel}","templated":true}]}}