{"id":1018,"date":"2025-03-21T14:16:51","date_gmt":"2025-03-21T13:16:51","guid":{"rendered":"https:\/\/preventncd.sum.edu.pl\/?p=1018"},"modified":"2025-06-23T14:14:15","modified_gmt":"2025-06-23T12:14:15","slug":"postepy-w-zapobieganiu-chorobom-niezakaznym-kluczowe-wnioski-ze-spotkania-komitetu-wykonawczego-w-budapeszcie-2-2-2","status":"publish","type":"post","link":"https:\/\/preventncd.sum.edu.pl\/en\/postepy-w-zapobieganiu-chorobom-niezakaznym-kluczowe-wnioski-ze-spotkania-komitetu-wykonawczego-w-budapeszcie-2-2-2\/","title":{"rendered":"2025 JA PreventNCD Annual Meeting"},"content":{"rendered":"<p class=\"has-text-align-center has-black-color has-text-color has-link-color wp-elements-18a89b9f7c27c526ae6887e84ebaa5a7\"><\/p>\n\n\n<figure class=\"wp-block-post-featured-image\"><img loading=\"lazy\" decoding=\"async\" width=\"1200\" height=\"800\" src=\"https:\/\/preventncd.sum.edu.pl\/wp-content\/uploads\/2025\/06\/opt_2.png.jpg\" class=\"attachment-post-thumbnail size-post-thumbnail wp-post-image\" alt=\"\" style=\"object-fit:cover;\" srcset=\"https:\/\/preventncd.sum.edu.pl\/wp-content\/uploads\/2025\/06\/opt_2.png.jpg 1200w, https:\/\/preventncd.sum.edu.pl\/wp-content\/uploads\/2025\/06\/opt_2.png-300x200.jpg 300w, https:\/\/preventncd.sum.edu.pl\/wp-content\/uploads\/2025\/06\/opt_2.png-1024x683.jpg 1024w, https:\/\/preventncd.sum.edu.pl\/wp-content\/uploads\/2025\/06\/opt_2.png-768x512.jpg 768w, https:\/\/preventncd.sum.edu.pl\/wp-content\/uploads\/2025\/06\/opt_2.png-18x12.jpg 18w\" sizes=\"auto, (max-width: 1200px) 100vw, 1200px\" \/><\/figure>\n\n\n<p class=\"has-black-color has-text-color has-link-color wp-elements-46460d5b84880874294f6960788f4a21\">The 2025 JA PreventNCD Annual Meeting will take place on 16-18 June 2025 at the International Congress Centre in Katowice, bringing together two events:<\/p>\n\n\n\n<p class=\"has-black-color has-text-color has-link-color wp-elements-75870316ab1d990fe5985149be0a5764\">\u2022   A meeting of the entire Joint Action PreventNCD Consortium, i.e. representatives from all EU Member States, on 16-17 June 2025, in the final of the Polish Presidency of the Council of the European Union in 2025<\/p>\n\n\n\n<p class=\"has-black-color has-text-color has-link-color wp-elements-65ce18f876ea4354a8fbf9bc02f17761\">\u2022   The Second Meeting of the Consortium on Cancer and other NCDs Prevention (EU-CNCD), which will serve as a platform for implementing science into practical solutions. The meeting will take place on 17-18 June 2025.<\/p>\n\n\n\n<p class=\"has-black-color has-text-color has-link-color wp-elements-8116e395a7cb49cbf1a8730cb94b1df3\">The event is organised by the JA Prevent NCD\u2019s Sustainability team (WP4) - National Institute of Public Health Slovenia and Medical University of Silesia. We expect around 400 participants at the event.<\/p>\n\n\n\n<p class=\"has-black-color has-text-color has-link-color wp-elements-ccf9b328123c0414de98135976c52b27\">The meeting involves key parties involved in NCD prevention, including policy makers, civil society organisations, professionals and academics. The aim is to facilitate collaboration and joint efforts for public health.<\/p>\n\n\n\n<p class=\"has-black-color has-text-color has-link-color wp-elements-7378e782ac1675eee43690aa043f0548\">A tremendous amount of work has been done since the start of the project, and the Katowice event will provide an opportunity to share progress to date and discuss key public health issues that are challenging the participants involved in the various work packages. The meeting will also provide an opportunity to network and meet consortium partners and colleagues.<\/p>\n\n\n\n<p class=\"has-black-color has-text-color has-link-color wp-elements-530490fa90767a8d2eb76c9e0d81e1ed\">The aim of the meeting is to foster effective collaboration within the project, to promote high scientific quality and practicality in our activities. We aim to ensure coherence of the project and a common understanding of its objectives, and to facilitate open discussion about the progress of our work, as well as challenges and opportunities. By bringing together colleagues from different work packages and more than 100 partners involved in JA PreventNCD, we hope that the meeting will provide many opportunities for networking, collaboration and constructive discussions.<\/p>\n\n\n\n<p class=\"has-black-color has-text-color has-link-color wp-elements-e85a2d2a661125219ddf6c53ff535bda\">We also invite you to explore our <a href=\"https:\/\/preventncd.sum.edu.pl\/wp-content\/uploads\/2025\/04\/Practical-guide-JAPreventNCDs-Katowice.pdf\"><strong>Practical Guide about Katowice<\/strong> <\/a>prepared for guests.<\/p>\n\n\n\n<figure class=\"wp-block-embed is-type-video is-provider-youtube wp-block-embed-youtube wp-embed-aspect-16-9 wp-has-aspect-ratio\"><div class=\"wp-block-embed__wrapper\">\n<iframe loading=\"lazy\" title=\"Invitation to the JA PreventNCD Conference: Together Against non-communicable Diseases in Europe\" width=\"1290\" height=\"726\" src=\"https:\/\/www.youtube.com\/embed\/3w_qjRNYGs0?feature=oembed\" frameborder=\"0\" allow=\"accelerometer; autoplay; clipboard-write; encrypted-media; gyroscope; picture-in-picture; web-share\" referrerpolicy=\"strict-origin-when-cross-origin\" allowfullscreen><\/iframe>\n<\/div><\/figure>\n\n\n\n<p><\/p>","protected":false},"excerpt":{"rendered":"<p>W dniach 16-18 czerwca 2025 roku w Mi\u0119dzynarodowym Centrum Kongresowym odb\u0119dzie si\u0119 2025 Doroczne Spotkanie JA PreventNCD, kt\u00f3re po\u0142\u0105czy dwa wydarzenia: \u2022&nbsp;&nbsp;Spotkanie ca\u0142ego Konsorcjum Joint Action PreventNCD, tj. reprezentant\u00f3w wszystkich Pa\u0144stw Cz\u0142onkowskich UE, w dniach 16-17 czerwca 2025 r., w finale Polskiej Prezydencji w Radzie Unii Europejskiej w 2025 roku, \u2022&nbsp;&nbsp;Drugie Spotkanie Konsorcjum UE ds. [&hellip;]<\/p>","protected":false},"author":1,"featured_media":1563,"comment_status":"closed","ping_status":"open","sticky":false,"template":"","format":"standard","meta":{"footnotes":""},"categories":[21],"tags":[],"class_list":["post-1018","post","type-post","status-publish","format-standard","has-post-thumbnail","hentry","category-wydarzenia"],"blocksy_meta":[],"_links":{"self":[{"href":"https:\/\/preventncd.sum.edu.pl\/en\/wp-json\/wp\/v2\/posts\/1018","targetHints":{"allow":["GET"]}}],"collection":[{"href":"https:\/\/preventncd.sum.edu.pl\/en\/wp-json\/wp\/v2\/posts"}],"about":[{"href":"https:\/\/preventncd.sum.edu.pl\/en\/wp-json\/wp\/v2\/types\/post"}],"author":[{"embeddable":true,"href":"https:\/\/preventncd.sum.edu.pl\/en\/wp-json\/wp\/v2\/users\/1"}],"replies":[{"embeddable":true,"href":"https:\/\/preventncd.sum.edu.pl\/en\/wp-json\/wp\/v2\/comments?post=1018"}],"version-history":[{"count":8,"href":"https:\/\/preventncd.sum.edu.pl\/en\/wp-json\/wp\/v2\/posts\/1018\/revisions"}],"predecessor-version":[{"id":1485,"href":"https:\/\/preventncd.sum.edu.pl\/en\/wp-json\/wp\/v2\/posts\/1018\/revisions\/1485"}],"wp:featuredmedia":[{"embeddable":true,"href":"https:\/\/preventncd.sum.edu.pl\/en\/wp-json\/wp\/v2\/media\/1563"}],"wp:attachment":[{"href":"https:\/\/preventncd.sum.edu.pl\/en\/wp-json\/wp\/v2\/media?parent=1018"}],"wp:term":[{"taxonomy":"category","embeddable":true,"href":"https:\/\/preventncd.sum.edu.pl\/en\/wp-json\/wp\/v2\/categories?post=1018"},{"taxonomy":"post_tag","embeddable":true,"href":"https:\/\/preventncd.sum.edu.pl\/en\/wp-json\/wp\/v2\/tags?post=1018"}],"curies":[{"name":"wp","href":"https:\/\/api.w.org\/{rel}","templated":true}]}}